{"id":442,"date":"2021-02-09T09:00:25","date_gmt":"2021-02-09T11:00:25","guid":{"rendered":"http:\/\/www.roudrill.com.br\/blog\/?p=442"},"modified":"2022-11-23T10:01:42","modified_gmt":"2022-11-23T13:01:42","slug":"devo-abrir-meu-chaveiro-no-feriado","status":"publish","type":"post","link":"https:\/\/roudrill.com.br\/index.php\/2021\/02\/09\/devo-abrir-meu-chaveiro-no-feriado\/","title":{"rendered":"Devo abrir meu chaveiro no feriado?"},"content":{"rendered":"<p>O ano mal come\u00e7ou e j\u00e1 pensamos nos finais de semana, datas\nfestivas e feriados&#8230; n\u00e3o \u00e9? <\/p><p>Quando falamos sobre feriados, tornou-se muito comum n\u00e3o\nsaber se vale mesmo \u00e0 pena abrir sua loja no dia de descanso coletivo. <\/p><p>Para tirar de vez essa d\u00favida, acesse o Blog da Roudrill!\nReunimos as vantagens e desvantagens de abrir as portas em feriados, os dias\nque s\u00e3o vedados para abertura por lei e muito mais!<\/p><p><\/p><p><\/p><p>No Brasil existe uma lei que autoriza a realiza\u00e7\u00e3o de\nneg\u00f3cios em geral nos feriados, mas est\u00e3o sujeitos a acordos coletivos e\nfiscaliza\u00e7\u00e3o dos sindicatos da cidade. De qualquer modo, para tomar essa\ndecis\u00e3o \u00e9 preciso colocar tudo na balan\u00e7a e fazer um planejamento. Em primeiro\nlugar, <strong>deve-se considerar a perda da\nprodutividade neste dia<\/strong> e se ela poder\u00e1 ser restitu\u00edda em outro dia.<\/p><p><strong>A motiva\u00e7\u00e3o \u00e9 um\nfator importante<\/strong>, tanto o seu pr\u00f3prio \u00e2nimo, quanto de seus &nbsp;colaboradores ou ajudantes. Ao ter sensa\u00e7\u00e3o de\ndesmotiva\u00e7\u00e3o e de que n\u00e3o est\u00e1 sendo produtivo como o normal, o aconselhado \u00e9\nn\u00e3o abrir mais um dia e descansar nessa pequena \u201cfolga\u201d.<\/p><p>Neste planejamento \u00e9 preciso <strong>levar em considera\u00e7\u00e3o os gastos<\/strong> como luz, \u00e1gua, internet, telefone,\na alimenta\u00e7\u00e3o, hora extra e transporte. Essas podem ser grandes desvantagens ao\ntrabalhar no feriado.<\/p><p>Frequentemente, pensamos em abrir o local para possibilitar\na compra no dia em que as pessoas estejam de folga, mas dependendo dos servi\u00e7os\nque seu chaveiro, isso n\u00e3o ser\u00e1 relevante.<\/p><p>Por\u00e9m, ao ter seu chaveiro aberto em um dia que a maioria de\nseus concorrentes est\u00e3o fechados, <strong>pode\nser um diferencial para o seu neg\u00f3cio<\/strong>. E ainda, se o faturamento for\nsuperior aos custos, ent\u00e3o, a possibilidade de abrir se torna mais positiva! <\/p><div class=\"wp-block-image\"><figure class=\"aligncenter\"><img decoding=\"async\" src=\"http:\/\/www.roudrill.com.br\/blog\/wp-content\/uploads\/2021\/02\/iStock-1223872520-1024x683.jpg\" alt=\"\" class=\"wp-image-447\"\/><\/figure><\/div><p>Atente-se! <strong>De acordo\ncom a lei, existem apenas quatro feriados no total que s\u00e3o vedados para\nabertura<\/strong>. Conhe\u00e7a eles a seguir:<\/p><p>\u2022&nbsp;&nbsp;&nbsp;&nbsp;&nbsp;&nbsp;&nbsp;&nbsp;&nbsp; 1\u00ba de\njaneiro, Dia de Ano Novo;<\/p><p>\u2022&nbsp;&nbsp;&nbsp;&nbsp;&nbsp;&nbsp;&nbsp;&nbsp;&nbsp; 1\u00ba de maio, Dia\ndo Trabalhador; <\/p><p>\u2022&nbsp;&nbsp;&nbsp;&nbsp;&nbsp;&nbsp;&nbsp;&nbsp;&nbsp; 3\u00aa segunda\nfeira de outubro, Dia do Comerci\u00e1rio; <\/p><p>\u2022&nbsp;&nbsp;&nbsp;&nbsp;&nbsp;&nbsp;&nbsp;&nbsp;&nbsp; 25 de dezembro, Natal.&nbsp;&nbsp;&nbsp;&nbsp;&nbsp;&nbsp;&nbsp;&nbsp;&nbsp;&nbsp;&nbsp;&nbsp;&nbsp;&nbsp;&nbsp;&nbsp;&nbsp; <\/p><p>E\na\u00ed, vale \u00e0 pena abrir seu chaveiro no feriado? Comente aqui! <\/p><p>ROUDRILL. A CHAVE DO FUTURO.<\/p>","protected":false},"excerpt":{"rendered":"<p>O ano mal come\u00e7ou e j\u00e1 pensamos nos finais de semana, datas festivas e feriados&#8230; n\u00e3o \u00e9? Quando falamos sobre feriados, tornou-se muito comum n\u00e3o saber se vale mesmo \u00e0 pena abrir sua loja no dia de descanso coletivo. Para tirar de vez essa d\u00favida, acesse o Blog da Roudrill! Reunimos as vantagens e desvantagens [&hellip;]<\/p>\n","protected":false},"author":1,"featured_media":0,"comment_status":"open","ping_status":"open","sticky":false,"template":"","format":"standard","meta":{"_jetpack_memberships_contains_paid_content":false,"footnotes":""},"categories":[1],"tags":[],"class_list":["post-442","post","type-post","status-publish","format-standard","hentry","category-sem-categoria"],"yoast_head":"<!-- This site is optimized with the Yoast SEO plugin v20.3 - https:\/\/yoast.com\/wordpress\/plugins\/seo\/ -->\n<title>Devo abrir meu chaveiro no feriado? - Roudrill | M\u00e1quinas de Corte de Chaves Automotivas<\/title>\n<meta name=\"robots\" content=\"index, follow, max-snippet:-1, max-image-preview:large, max-video-preview:-1\" \/>\n<link rel=\"canonical\" href=\"https:\/\/roudrill.com.br\/index.php\/2021\/02\/09\/devo-abrir-meu-chaveiro-no-feriado\/\" \/>\n<meta property=\"og:locale\" content=\"pt_BR\" \/>\n<meta property=\"og:type\" content=\"article\" \/>\n<meta property=\"og:title\" content=\"Devo abrir meu chaveiro no feriado? - Roudrill | M\u00e1quinas de Corte de Chaves Automotivas\" \/>\n<meta property=\"og:description\" content=\"O ano mal come\u00e7ou e j\u00e1 pensamos nos finais de semana, datas festivas e feriados&#8230; n\u00e3o \u00e9? Quando falamos sobre feriados, tornou-se muito comum n\u00e3o saber se vale mesmo \u00e0 pena abrir sua loja no dia de descanso coletivo. Para tirar de vez essa d\u00favida, acesse o Blog da Roudrill! Reunimos as vantagens e desvantagens [&hellip;]\" \/>\n<meta property=\"og:url\" content=\"https:\/\/roudrill.com.br\/index.php\/2021\/02\/09\/devo-abrir-meu-chaveiro-no-feriado\/\" \/>\n<meta property=\"og:site_name\" content=\"Roudrill | M\u00e1quinas de Corte de Chaves Automotivas\" \/>\n<meta property=\"article:publisher\" content=\"https:\/\/www.facebook.com\/roudrill\/\" \/>\n<meta property=\"article:author\" content=\"https:\/\/www.facebook.com\/roudrill\" \/>\n<meta property=\"article:published_time\" content=\"2021-02-09T11:00:25+00:00\" \/>\n<meta property=\"article:modified_time\" content=\"2022-11-23T13:01:42+00:00\" \/>\n<meta property=\"og:image\" content=\"http:\/\/www.roudrill.com.br\/blog\/wp-content\/uploads\/2021\/02\/iStock-1223872520-1024x683.jpg\" \/>\n<meta name=\"author\" content=\"admin\" \/>\n<meta name=\"twitter:card\" content=\"summary_large_image\" \/>\n<meta name=\"twitter:label1\" content=\"Escrito por\" \/>\n\t<meta name=\"twitter:data1\" content=\"admin\" \/>\n\t<meta name=\"twitter:label2\" content=\"Est. tempo de leitura\" \/>\n\t<meta name=\"twitter:data2\" content=\"2 minutos\" \/>\n<script type=\"application\/ld+json\" class=\"yoast-schema-graph\">{\"@context\":\"https:\/\/schema.org\",\"@graph\":[{\"@type\":\"Article\",\"@id\":\"https:\/\/roudrill.com.br\/index.php\/2021\/02\/09\/devo-abrir-meu-chaveiro-no-feriado\/#article\",\"isPartOf\":{\"@id\":\"https:\/\/roudrill.com.br\/index.php\/2021\/02\/09\/devo-abrir-meu-chaveiro-no-feriado\/\"},\"author\":{\"name\":\"admin\",\"@id\":\"https:\/\/roudrill.com.br\/#\/schema\/person\/75efe1588ef4a47ad4f9d1a363256e74\"},\"headline\":\"Devo abrir meu chaveiro no feriado?\",\"datePublished\":\"2021-02-09T11:00:25+00:00\",\"dateModified\":\"2022-11-23T13:01:42+00:00\",\"mainEntityOfPage\":{\"@id\":\"https:\/\/roudrill.com.br\/index.php\/2021\/02\/09\/devo-abrir-meu-chaveiro-no-feriado\/\"},\"wordCount\":425,\"commentCount\":0,\"publisher\":{\"@id\":\"https:\/\/roudrill.com.br\/#organization\"},\"inLanguage\":\"pt-BR\",\"potentialAction\":[{\"@type\":\"CommentAction\",\"name\":\"Comment\",\"target\":[\"https:\/\/roudrill.com.br\/index.php\/2021\/02\/09\/devo-abrir-meu-chaveiro-no-feriado\/#respond\"]}]},{\"@type\":\"WebPage\",\"@id\":\"https:\/\/roudrill.com.br\/index.php\/2021\/02\/09\/devo-abrir-meu-chaveiro-no-feriado\/\",\"url\":\"https:\/\/roudrill.com.br\/index.php\/2021\/02\/09\/devo-abrir-meu-chaveiro-no-feriado\/\",\"name\":\"Devo abrir meu chaveiro no feriado? - Roudrill | M\u00e1quinas de Corte de Chaves Automotivas\",\"isPartOf\":{\"@id\":\"https:\/\/roudrill.com.br\/#website\"},\"datePublished\":\"2021-02-09T11:00:25+00:00\",\"dateModified\":\"2022-11-23T13:01:42+00:00\",\"breadcrumb\":{\"@id\":\"https:\/\/roudrill.com.br\/index.php\/2021\/02\/09\/devo-abrir-meu-chaveiro-no-feriado\/#breadcrumb\"},\"inLanguage\":\"pt-BR\",\"potentialAction\":[{\"@type\":\"ReadAction\",\"target\":[\"https:\/\/roudrill.com.br\/index.php\/2021\/02\/09\/devo-abrir-meu-chaveiro-no-feriado\/\"]}]},{\"@type\":\"BreadcrumbList\",\"@id\":\"https:\/\/roudrill.com.br\/index.php\/2021\/02\/09\/devo-abrir-meu-chaveiro-no-feriado\/#breadcrumb\",\"itemListElement\":[{\"@type\":\"ListItem\",\"position\":1,\"name\":\"In\u00edcio\",\"item\":\"https:\/\/roudrill.com.br\/\"},{\"@type\":\"ListItem\",\"position\":2,\"name\":\"Devo abrir meu chaveiro no feriado?\"}]},{\"@type\":\"WebSite\",\"@id\":\"https:\/\/roudrill.com.br\/#website\",\"url\":\"https:\/\/roudrill.com.br\/\",\"name\":\"Roudrill M\u00e1quinas de Corte de Chaves Automotivas\",\"description\":\"M\u00e1quinas de Corte de Chaves Automotivas\",\"publisher\":{\"@id\":\"https:\/\/roudrill.com.br\/#organization\"},\"potentialAction\":[{\"@type\":\"SearchAction\",\"target\":{\"@type\":\"EntryPoint\",\"urlTemplate\":\"https:\/\/roudrill.com.br\/?s={search_term_string}\"},\"query-input\":\"required name=search_term_string\"}],\"inLanguage\":\"pt-BR\"},{\"@type\":\"Organization\",\"@id\":\"https:\/\/roudrill.com.br\/#organization\",\"name\":\"Roudrill M\u00e1quinas de Corte de Chaves Automotivas\",\"url\":\"https:\/\/roudrill.com.br\/\",\"logo\":{\"@type\":\"ImageObject\",\"inLanguage\":\"pt-BR\",\"@id\":\"https:\/\/roudrill.com.br\/#\/schema\/logo\/image\/\",\"url\":\"https:\/\/roudrill.com.br\/wp-content\/uploads\/2023\/02\/logo_roudrill_final.png\",\"contentUrl\":\"https:\/\/roudrill.com.br\/wp-content\/uploads\/2023\/02\/logo_roudrill_final.png\",\"width\":200,\"height\":81,\"caption\":\"Roudrill M\u00e1quinas de Corte de Chaves Automotivas\"},\"image\":{\"@id\":\"https:\/\/roudrill.com.br\/#\/schema\/logo\/image\/\"},\"sameAs\":[\"https:\/\/www.facebook.com\/roudrill\/\",\"https:\/\/www.instagram.com\/roudrill\/\",\"https:\/\/www.youtube.com\/@roudrill4788\/\",\"https:\/\/www.linkedin.com\/company\/roudrill-maquinas-e-automacao-industrial\/\"]},{\"@type\":\"Person\",\"@id\":\"https:\/\/roudrill.com.br\/#\/schema\/person\/75efe1588ef4a47ad4f9d1a363256e74\",\"name\":\"admin\",\"image\":{\"@type\":\"ImageObject\",\"inLanguage\":\"pt-BR\",\"@id\":\"https:\/\/roudrill.com.br\/#\/schema\/person\/image\/\",\"url\":\"https:\/\/secure.gravatar.com\/avatar\/d2f0db890c65fc4ccc5bc5781ba37bd44d76c925dc5f3ec3843afb14501dc216?s=96&d=mm&r=g\",\"contentUrl\":\"https:\/\/secure.gravatar.com\/avatar\/d2f0db890c65fc4ccc5bc5781ba37bd44d76c925dc5f3ec3843afb14501dc216?s=96&d=mm&r=g\",\"caption\":\"admin\"},\"sameAs\":[\"https:\/\/roudrill.com.br\",\"https:\/\/www.facebook.com\/roudrill\",\"https:\/\/www.instagram.com\/roudrill\/\"],\"url\":\"https:\/\/roudrill.com.br\/index.php\/author\/admin\/\"}]}<\/script>\n<!-- \/ Yoast SEO plugin. -->","yoast_head_json":{"title":"Devo abrir meu chaveiro no feriado? - Roudrill | M\u00e1quinas de Corte de Chaves Automotivas","robots":{"index":"index","follow":"follow","max-snippet":"max-snippet:-1","max-image-preview":"max-image-preview:large","max-video-preview":"max-video-preview:-1"},"canonical":"https:\/\/roudrill.com.br\/index.php\/2021\/02\/09\/devo-abrir-meu-chaveiro-no-feriado\/","og_locale":"pt_BR","og_type":"article","og_title":"Devo abrir meu chaveiro no feriado? - Roudrill | M\u00e1quinas de Corte de Chaves Automotivas","og_description":"O ano mal come\u00e7ou e j\u00e1 pensamos nos finais de semana, datas festivas e feriados&#8230; n\u00e3o \u00e9? Quando falamos sobre feriados, tornou-se muito comum n\u00e3o saber se vale mesmo \u00e0 pena abrir sua loja no dia de descanso coletivo. Para tirar de vez essa d\u00favida, acesse o Blog da Roudrill! Reunimos as vantagens e desvantagens [&hellip;]","og_url":"https:\/\/roudrill.com.br\/index.php\/2021\/02\/09\/devo-abrir-meu-chaveiro-no-feriado\/","og_site_name":"Roudrill | M\u00e1quinas de Corte de Chaves Automotivas","article_publisher":"https:\/\/www.facebook.com\/roudrill\/","article_author":"https:\/\/www.facebook.com\/roudrill","article_published_time":"2021-02-09T11:00:25+00:00","article_modified_time":"2022-11-23T13:01:42+00:00","og_image":[{"url":"http:\/\/www.roudrill.com.br\/blog\/wp-content\/uploads\/2021\/02\/iStock-1223872520-1024x683.jpg"}],"author":"admin","twitter_card":"summary_large_image","twitter_misc":{"Escrito por":"admin","Est. tempo de leitura":"2 minutos"},"schema":{"@context":"https:\/\/schema.org","@graph":[{"@type":"Article","@id":"https:\/\/roudrill.com.br\/index.php\/2021\/02\/09\/devo-abrir-meu-chaveiro-no-feriado\/#article","isPartOf":{"@id":"https:\/\/roudrill.com.br\/index.php\/2021\/02\/09\/devo-abrir-meu-chaveiro-no-feriado\/"},"author":{"name":"admin","@id":"https:\/\/roudrill.com.br\/#\/schema\/person\/75efe1588ef4a47ad4f9d1a363256e74"},"headline":"Devo abrir meu chaveiro no feriado?","datePublished":"2021-02-09T11:00:25+00:00","dateModified":"2022-11-23T13:01:42+00:00","mainEntityOfPage":{"@id":"https:\/\/roudrill.com.br\/index.php\/2021\/02\/09\/devo-abrir-meu-chaveiro-no-feriado\/"},"wordCount":425,"commentCount":0,"publisher":{"@id":"https:\/\/roudrill.com.br\/#organization"},"inLanguage":"pt-BR","potentialAction":[{"@type":"CommentAction","name":"Comment","target":["https:\/\/roudrill.com.br\/index.php\/2021\/02\/09\/devo-abrir-meu-chaveiro-no-feriado\/#respond"]}]},{"@type":"WebPage","@id":"https:\/\/roudrill.com.br\/index.php\/2021\/02\/09\/devo-abrir-meu-chaveiro-no-feriado\/","url":"https:\/\/roudrill.com.br\/index.php\/2021\/02\/09\/devo-abrir-meu-chaveiro-no-feriado\/","name":"Devo abrir meu chaveiro no feriado? - Roudrill | M\u00e1quinas de Corte de Chaves Automotivas","isPartOf":{"@id":"https:\/\/roudrill.com.br\/#website"},"datePublished":"2021-02-09T11:00:25+00:00","dateModified":"2022-11-23T13:01:42+00:00","breadcrumb":{"@id":"https:\/\/roudrill.com.br\/index.php\/2021\/02\/09\/devo-abrir-meu-chaveiro-no-feriado\/#breadcrumb"},"inLanguage":"pt-BR","potentialAction":[{"@type":"ReadAction","target":["https:\/\/roudrill.com.br\/index.php\/2021\/02\/09\/devo-abrir-meu-chaveiro-no-feriado\/"]}]},{"@type":"BreadcrumbList","@id":"https:\/\/roudrill.com.br\/index.php\/2021\/02\/09\/devo-abrir-meu-chaveiro-no-feriado\/#breadcrumb","itemListElement":[{"@type":"ListItem","position":1,"name":"In\u00edcio","item":"https:\/\/roudrill.com.br\/"},{"@type":"ListItem","position":2,"name":"Devo abrir meu chaveiro no feriado?"}]},{"@type":"WebSite","@id":"https:\/\/roudrill.com.br\/#website","url":"https:\/\/roudrill.com.br\/","name":"Roudrill M\u00e1quinas de Corte de Chaves Automotivas","description":"M\u00e1quinas de Corte de Chaves Automotivas","publisher":{"@id":"https:\/\/roudrill.com.br\/#organization"},"potentialAction":[{"@type":"SearchAction","target":{"@type":"EntryPoint","urlTemplate":"https:\/\/roudrill.com.br\/?s={search_term_string}"},"query-input":"required name=search_term_string"}],"inLanguage":"pt-BR"},{"@type":"Organization","@id":"https:\/\/roudrill.com.br\/#organization","name":"Roudrill M\u00e1quinas de Corte de Chaves Automotivas","url":"https:\/\/roudrill.com.br\/","logo":{"@type":"ImageObject","inLanguage":"pt-BR","@id":"https:\/\/roudrill.com.br\/#\/schema\/logo\/image\/","url":"https:\/\/roudrill.com.br\/wp-content\/uploads\/2023\/02\/logo_roudrill_final.png","contentUrl":"https:\/\/roudrill.com.br\/wp-content\/uploads\/2023\/02\/logo_roudrill_final.png","width":200,"height":81,"caption":"Roudrill M\u00e1quinas de Corte de Chaves Automotivas"},"image":{"@id":"https:\/\/roudrill.com.br\/#\/schema\/logo\/image\/"},"sameAs":["https:\/\/www.facebook.com\/roudrill\/","https:\/\/www.instagram.com\/roudrill\/","https:\/\/www.youtube.com\/@roudrill4788\/","https:\/\/www.linkedin.com\/company\/roudrill-maquinas-e-automacao-industrial\/"]},{"@type":"Person","@id":"https:\/\/roudrill.com.br\/#\/schema\/person\/75efe1588ef4a47ad4f9d1a363256e74","name":"admin","image":{"@type":"ImageObject","inLanguage":"pt-BR","@id":"https:\/\/roudrill.com.br\/#\/schema\/person\/image\/","url":"https:\/\/secure.gravatar.com\/avatar\/d2f0db890c65fc4ccc5bc5781ba37bd44d76c925dc5f3ec3843afb14501dc216?s=96&d=mm&r=g","contentUrl":"https:\/\/secure.gravatar.com\/avatar\/d2f0db890c65fc4ccc5bc5781ba37bd44d76c925dc5f3ec3843afb14501dc216?s=96&d=mm&r=g","caption":"admin"},"sameAs":["https:\/\/roudrill.com.br","https:\/\/www.facebook.com\/roudrill","https:\/\/www.instagram.com\/roudrill\/"],"url":"https:\/\/roudrill.com.br\/index.php\/author\/admin\/"}]}},"jetpack_featured_media_url":"","jetpack_sharing_enabled":true,"_links":{"self":[{"href":"https:\/\/roudrill.com.br\/index.php\/wp-json\/wp\/v2\/posts\/442","targetHints":{"allow":["GET"]}}],"collection":[{"href":"https:\/\/roudrill.com.br\/index.php\/wp-json\/wp\/v2\/posts"}],"about":[{"href":"https:\/\/roudrill.com.br\/index.php\/wp-json\/wp\/v2\/types\/post"}],"author":[{"embeddable":true,"href":"https:\/\/roudrill.com.br\/index.php\/wp-json\/wp\/v2\/users\/1"}],"replies":[{"embeddable":true,"href":"https:\/\/roudrill.com.br\/index.php\/wp-json\/wp\/v2\/comments?post=442"}],"version-history":[{"count":1,"href":"https:\/\/roudrill.com.br\/index.php\/wp-json\/wp\/v2\/posts\/442\/revisions"}],"predecessor-version":[{"id":448,"href":"https:\/\/roudrill.com.br\/index.php\/wp-json\/wp\/v2\/posts\/442\/revisions\/448"}],"wp:attachment":[{"href":"https:\/\/roudrill.com.br\/index.php\/wp-json\/wp\/v2\/media?parent=442"}],"wp:term":[{"taxonomy":"category","embeddable":true,"href":"https:\/\/roudrill.com.br\/index.php\/wp-json\/wp\/v2\/categories?post=442"},{"taxonomy":"post_tag","embeddable":true,"href":"https:\/\/roudrill.com.br\/index.php\/wp-json\/wp\/v2\/tags?post=442"}],"curies":[{"name":"wp","href":"https:\/\/api.w.org\/{rel}","templated":true}]}}