{"id":541,"date":"2021-07-21T07:00:00","date_gmt":"2021-07-21T10:00:00","guid":{"rendered":"https:\/\/roudrill.com.br\/blog\/?p=541"},"modified":"2022-11-23T10:01:20","modified_gmt":"2022-11-23T13:01:20","slug":"inclusao-e-diversidade-no-seu-negocio-de-chaveiro","status":"publish","type":"post","link":"https:\/\/roudrill.com.br\/index.php\/2021\/07\/21\/inclusao-e-diversidade-no-seu-negocio-de-chaveiro\/","title":{"rendered":"Inclus\u00e3o e diversidade no seu neg\u00f3cio de Chaveiro"},"content":{"rendered":"<p>Inclus\u00e3o e Diversidade foram assuntos que ganharam repercuss\u00e3o mundial nos \u00faltimos anos.<\/p><p><strong>Mas afinal, o que significa Diversidade?<\/strong><\/p><p><em>\u201cSubstantivo feminino que caracteriza tudo aquilo que \u00e9 diverso, que tem multiplicidade\u201d<\/em><\/p><p>Diversidade \u00e9 a pluralidade dos indiv\u00edduos em termos de diferen\u00e7as culturais, de identidade e de experi\u00eancia. No contexto social, a diversidade \u00e9 justamente isso: a conviv\u00eancia de indiv\u00edduos diferentes em rela\u00e7\u00e3o \u00e0 etnia, orienta\u00e7\u00e3o sexual, cultura, g\u00eanero etc., em um mesmo espa\u00e7o.<\/p><p>Existem alguns tipos de Diversidade segundo uma pesquisa publicada na <em>Harvard Business Review<\/em>. A mais lembrada \u00e9 a <strong>Diversidade Demogr\u00e1fica<\/strong> relacionada a nossa identidade de origem, ou seja, as que nos classificam ao nascer. Como exemplo, podemos citar sexo, ra\u00e7a, etnia e gera\u00e7\u00e3o.<\/p><p>H\u00e1 tamb\u00e9m outros tipos, e uma delas \u00e9 a <strong>Diversidade Cognitiva<\/strong>, que se refere \u00e0 forma como cada um de n\u00f3s lida com problemas e reflete sobre situa\u00e7\u00f5es e a <strong>Diversidade Experiencial<\/strong>, baseada nas experi\u00eancias de vida que moldam o nosso emocional como hobbies e habilidades.<\/p><p><strong>Mas e a Inclus\u00e3o?<\/strong><\/p><p>Inclus\u00e3o significa criar um ambiente no qual pessoas diversas possam conviver e prosperar. No mercado de trabalho, ser inclusivo significa criar estrat\u00e9gias para acolher as diversidades e garantir que os profissionais diversos tenham oportunidades iguais de crescimento e um ambiente seguro dentro da empresa.<\/p><p>Com isso, empresas de todo o mundo tomaram consci\u00eancia deste problema e mudaram sua forma de contrata\u00e7\u00e3o visando mais igualdade na sociedade, mas infelizmente nosso pa\u00eds ainda est\u00e1 longe de ser um exemplo.<\/p><p>O Brasil ficou no 7\u00ba lugar no <em>Kantar Inclusion Index,<\/em> primeiro \u00edndice global de inclus\u00e3o e diversidade baseado exclusivamente em feedbacks de funcion\u00e1rios de todo o mundo. Os resultados sa\u00edram de entrevistas com mais de 18 mil pessoas, em 14 pa\u00edses e 24 setores diferentes com o objetivo de ajudar as empresas a entender e abordar melhor a inclus\u00e3o, a diversidade e a igualdade no local de trabalho considerando determinantes como g\u00eanero, etnia, idade, orienta\u00e7\u00e3o sexual, sa\u00fade e bem-estar no trabalho.<\/p><p><strong>O que as empresas devem fazer para ajudar este cen\u00e1rio?<\/strong> Voc\u00ea, Chaveiro, pode contribuir e muito para que esta situa\u00e7\u00e3o mude em nosso pa\u00eds e deixaremos aqui algumas dicas para implementar isso na sua empresa. Primeiramente \u00e9 preciso ter claro que a Diversidade e a Inclus\u00e3o v\u00e3o muito al\u00e9m da contrata\u00e7\u00e3o de pessoas com diferentes origens, g\u00eaneros, ra\u00e7as, orienta\u00e7\u00f5es sexuais, defici\u00eancias e idades.<\/p><figure class=\"wp-block-image size-large\"><img decoding=\"async\" src=\"https:\/\/roudrill.com.br\/blog\/wp-content\/uploads\/2021\/06\/iStock-1205694653.jpg\" alt=\"\" class=\"wp-image-544\"\/><\/figure><p><strong>1. Idade<\/strong><\/p><p>Voc\u00ea pode montar equipes com diferentes faixas et\u00e1rias tendo representantes de diversas gera\u00e7\u00f5es. O ganho para a empresa pode ser muito grande levando em considera\u00e7\u00e3o tempo de experi\u00eancia, novas tecnologias e gest\u00e3o de crises.<\/p><p><strong>2. G\u00eanero<\/strong><\/p><p>Integrar equipes com homens e mulheres balanceando isso e garantindo que todos tenham os mesmos direitos de cargos, sal\u00e1rios e benef\u00edcios \u00e9 certamente o melhor caminho. Abrir oportunidades para a classe LGBTI+ tamb\u00e9m \u00e9 uma forma de gerar mais oportunidades para a sociedade.<\/p><p><strong>3. Etnia<\/strong><\/p><p>Nosso pa\u00eds \u00e9 um dos pa\u00edses com mais diversidade \u00e9tnica no mundo. Portanto nesse quesito a cultura de combate ao racismo deve ser levada a s\u00e9rio como ideologia da empresa, evitando qualquer discrimina\u00e7\u00e3o. Porque n\u00e3o dar oportunidade para que cargos de lideran\u00e7a sejam ocupados por negros?<\/p><p><strong>4. PCD<\/strong><\/p><p>PCD \u00e9 a sigla para Pessoas Com Defici\u00eancia, seja ela visual, auditiva, mental, f\u00edsica ou m\u00faltipla (quando algu\u00e9m possui duas ou mais defici\u00eancias associadas). Abrir espa\u00e7o para essas pessoas tamb\u00e9m \u00e9 uma forma de evidenciar a inclus\u00e3o no mercado de trabalho. Lembrando que voc\u00ea dever\u00e1 implementar ferramentas e condi\u00e7\u00f5es de acessibilidade mostrando que sua empresa se preocupa com as dificuldades dessas pessoas.<\/p><p>Se voc\u00ea quer fazer do mundo um lugar mais justo e eliminar essas barreiras? A hora \u00e9 agora! A intera\u00e7\u00e3o social sempre deve come\u00e7ar com cada um de n\u00f3s!<\/p><p>E voc\u00ea gostou desse artigo? Compartilhe conosco sua opini\u00e3o ou conte-nos sua experi\u00eancia caso j\u00e1 tenha implementado a Diversidade e a Inclus\u00e3o em seu neg\u00f3cio!<\/p><p>Roudrill. A Chave do Futuro.<\/p>","protected":false},"excerpt":{"rendered":"<p>Inclus\u00e3o e Diversidade foram assuntos que ganharam repercuss\u00e3o mundial nos \u00faltimos anos. Mas afinal, o que significa Diversidade? \u201cSubstantivo feminino que caracteriza tudo aquilo que \u00e9 diverso, que tem multiplicidade\u201d Diversidade \u00e9 a pluralidade dos indiv\u00edduos em termos de diferen\u00e7as culturais, de identidade e de experi\u00eancia. No contexto social, a diversidade \u00e9 justamente isso: a [&hellip;]<\/p>\n","protected":false},"author":1,"featured_media":0,"comment_status":"closed","ping_status":"open","sticky":false,"template":"","format":"standard","meta":{"_jetpack_memberships_contains_paid_content":false,"footnotes":""},"categories":[1],"tags":[],"class_list":["post-541","post","type-post","status-publish","format-standard","hentry","category-sem-categoria"],"yoast_head":"<!-- This site is optimized with the Yoast SEO plugin v20.3 - https:\/\/yoast.com\/wordpress\/plugins\/seo\/ -->\n<title>Inclus\u00e3o e diversidade no seu neg\u00f3cio de Chaveiro - Roudrill | M\u00e1quinas de Corte de Chaves Automotivas<\/title>\n<meta name=\"robots\" content=\"index, follow, max-snippet:-1, max-image-preview:large, max-video-preview:-1\" \/>\n<link rel=\"canonical\" href=\"https:\/\/roudrill.com.br\/index.php\/2021\/07\/21\/inclusao-e-diversidade-no-seu-negocio-de-chaveiro\/\" \/>\n<meta property=\"og:locale\" content=\"pt_BR\" \/>\n<meta property=\"og:type\" content=\"article\" \/>\n<meta property=\"og:title\" content=\"Inclus\u00e3o e diversidade no seu neg\u00f3cio de Chaveiro - Roudrill | M\u00e1quinas de Corte de Chaves Automotivas\" \/>\n<meta property=\"og:description\" content=\"Inclus\u00e3o e Diversidade foram assuntos que ganharam repercuss\u00e3o mundial nos \u00faltimos anos. Mas afinal, o que significa Diversidade? \u201cSubstantivo feminino que caracteriza tudo aquilo que \u00e9 diverso, que tem multiplicidade\u201d Diversidade \u00e9 a pluralidade dos indiv\u00edduos em termos de diferen\u00e7as culturais, de identidade e de experi\u00eancia. No contexto social, a diversidade \u00e9 justamente isso: a [&hellip;]\" \/>\n<meta property=\"og:url\" content=\"https:\/\/roudrill.com.br\/index.php\/2021\/07\/21\/inclusao-e-diversidade-no-seu-negocio-de-chaveiro\/\" \/>\n<meta property=\"og:site_name\" content=\"Roudrill | M\u00e1quinas de Corte de Chaves Automotivas\" \/>\n<meta property=\"article:publisher\" content=\"https:\/\/www.facebook.com\/roudrill\/\" \/>\n<meta property=\"article:author\" content=\"https:\/\/www.facebook.com\/roudrill\" \/>\n<meta property=\"article:published_time\" content=\"2021-07-21T10:00:00+00:00\" \/>\n<meta property=\"article:modified_time\" content=\"2022-11-23T13:01:20+00:00\" \/>\n<meta property=\"og:image\" content=\"https:\/\/roudrill.com.br\/blog\/wp-content\/uploads\/2021\/06\/iStock-1205694653.jpg\" \/>\n<meta name=\"author\" content=\"admin\" \/>\n<meta name=\"twitter:card\" content=\"summary_large_image\" \/>\n<meta name=\"twitter:label1\" content=\"Escrito por\" \/>\n\t<meta name=\"twitter:data1\" content=\"admin\" \/>\n\t<meta name=\"twitter:label2\" content=\"Est. tempo de leitura\" \/>\n\t<meta name=\"twitter:data2\" content=\"3 minutos\" \/>\n<script type=\"application\/ld+json\" class=\"yoast-schema-graph\">{\"@context\":\"https:\/\/schema.org\",\"@graph\":[{\"@type\":\"Article\",\"@id\":\"https:\/\/roudrill.com.br\/index.php\/2021\/07\/21\/inclusao-e-diversidade-no-seu-negocio-de-chaveiro\/#article\",\"isPartOf\":{\"@id\":\"https:\/\/roudrill.com.br\/index.php\/2021\/07\/21\/inclusao-e-diversidade-no-seu-negocio-de-chaveiro\/\"},\"author\":{\"name\":\"admin\",\"@id\":\"https:\/\/roudrill.com.br\/#\/schema\/person\/75efe1588ef4a47ad4f9d1a363256e74\"},\"headline\":\"Inclus\u00e3o e diversidade no seu neg\u00f3cio de Chaveiro\",\"datePublished\":\"2021-07-21T10:00:00+00:00\",\"dateModified\":\"2022-11-23T13:01:20+00:00\",\"mainEntityOfPage\":{\"@id\":\"https:\/\/roudrill.com.br\/index.php\/2021\/07\/21\/inclusao-e-diversidade-no-seu-negocio-de-chaveiro\/\"},\"wordCount\":700,\"publisher\":{\"@id\":\"https:\/\/roudrill.com.br\/#organization\"},\"inLanguage\":\"pt-BR\"},{\"@type\":\"WebPage\",\"@id\":\"https:\/\/roudrill.com.br\/index.php\/2021\/07\/21\/inclusao-e-diversidade-no-seu-negocio-de-chaveiro\/\",\"url\":\"https:\/\/roudrill.com.br\/index.php\/2021\/07\/21\/inclusao-e-diversidade-no-seu-negocio-de-chaveiro\/\",\"name\":\"Inclus\u00e3o e diversidade no seu neg\u00f3cio de Chaveiro - Roudrill | M\u00e1quinas de Corte de Chaves Automotivas\",\"isPartOf\":{\"@id\":\"https:\/\/roudrill.com.br\/#website\"},\"datePublished\":\"2021-07-21T10:00:00+00:00\",\"dateModified\":\"2022-11-23T13:01:20+00:00\",\"breadcrumb\":{\"@id\":\"https:\/\/roudrill.com.br\/index.php\/2021\/07\/21\/inclusao-e-diversidade-no-seu-negocio-de-chaveiro\/#breadcrumb\"},\"inLanguage\":\"pt-BR\",\"potentialAction\":[{\"@type\":\"ReadAction\",\"target\":[\"https:\/\/roudrill.com.br\/index.php\/2021\/07\/21\/inclusao-e-diversidade-no-seu-negocio-de-chaveiro\/\"]}]},{\"@type\":\"BreadcrumbList\",\"@id\":\"https:\/\/roudrill.com.br\/index.php\/2021\/07\/21\/inclusao-e-diversidade-no-seu-negocio-de-chaveiro\/#breadcrumb\",\"itemListElement\":[{\"@type\":\"ListItem\",\"position\":1,\"name\":\"In\u00edcio\",\"item\":\"https:\/\/roudrill.com.br\/\"},{\"@type\":\"ListItem\",\"position\":2,\"name\":\"Inclus\u00e3o e diversidade no seu neg\u00f3cio de Chaveiro\"}]},{\"@type\":\"WebSite\",\"@id\":\"https:\/\/roudrill.com.br\/#website\",\"url\":\"https:\/\/roudrill.com.br\/\",\"name\":\"Roudrill M\u00e1quinas de Corte de Chaves Automotivas\",\"description\":\"M\u00e1quinas de Corte de Chaves Automotivas\",\"publisher\":{\"@id\":\"https:\/\/roudrill.com.br\/#organization\"},\"potentialAction\":[{\"@type\":\"SearchAction\",\"target\":{\"@type\":\"EntryPoint\",\"urlTemplate\":\"https:\/\/roudrill.com.br\/?s={search_term_string}\"},\"query-input\":\"required name=search_term_string\"}],\"inLanguage\":\"pt-BR\"},{\"@type\":\"Organization\",\"@id\":\"https:\/\/roudrill.com.br\/#organization\",\"name\":\"Roudrill M\u00e1quinas de Corte de Chaves Automotivas\",\"url\":\"https:\/\/roudrill.com.br\/\",\"logo\":{\"@type\":\"ImageObject\",\"inLanguage\":\"pt-BR\",\"@id\":\"https:\/\/roudrill.com.br\/#\/schema\/logo\/image\/\",\"url\":\"https:\/\/roudrill.com.br\/wp-content\/uploads\/2023\/02\/logo_roudrill_final.png\",\"contentUrl\":\"https:\/\/roudrill.com.br\/wp-content\/uploads\/2023\/02\/logo_roudrill_final.png\",\"width\":200,\"height\":81,\"caption\":\"Roudrill M\u00e1quinas de Corte de Chaves Automotivas\"},\"image\":{\"@id\":\"https:\/\/roudrill.com.br\/#\/schema\/logo\/image\/\"},\"sameAs\":[\"https:\/\/www.facebook.com\/roudrill\/\",\"https:\/\/www.instagram.com\/roudrill\/\",\"https:\/\/www.youtube.com\/@roudrill4788\/\",\"https:\/\/www.linkedin.com\/company\/roudrill-maquinas-e-automacao-industrial\/\"]},{\"@type\":\"Person\",\"@id\":\"https:\/\/roudrill.com.br\/#\/schema\/person\/75efe1588ef4a47ad4f9d1a363256e74\",\"name\":\"admin\",\"image\":{\"@type\":\"ImageObject\",\"inLanguage\":\"pt-BR\",\"@id\":\"https:\/\/roudrill.com.br\/#\/schema\/person\/image\/\",\"url\":\"https:\/\/secure.gravatar.com\/avatar\/d2f0db890c65fc4ccc5bc5781ba37bd44d76c925dc5f3ec3843afb14501dc216?s=96&d=mm&r=g\",\"contentUrl\":\"https:\/\/secure.gravatar.com\/avatar\/d2f0db890c65fc4ccc5bc5781ba37bd44d76c925dc5f3ec3843afb14501dc216?s=96&d=mm&r=g\",\"caption\":\"admin\"},\"sameAs\":[\"https:\/\/roudrill.com.br\",\"https:\/\/www.facebook.com\/roudrill\",\"https:\/\/www.instagram.com\/roudrill\/\"],\"url\":\"https:\/\/roudrill.com.br\/index.php\/author\/admin\/\"}]}<\/script>\n<!-- \/ Yoast SEO plugin. -->","yoast_head_json":{"title":"Inclus\u00e3o e diversidade no seu neg\u00f3cio de Chaveiro - Roudrill | M\u00e1quinas de Corte de Chaves Automotivas","robots":{"index":"index","follow":"follow","max-snippet":"max-snippet:-1","max-image-preview":"max-image-preview:large","max-video-preview":"max-video-preview:-1"},"canonical":"https:\/\/roudrill.com.br\/index.php\/2021\/07\/21\/inclusao-e-diversidade-no-seu-negocio-de-chaveiro\/","og_locale":"pt_BR","og_type":"article","og_title":"Inclus\u00e3o e diversidade no seu neg\u00f3cio de Chaveiro - Roudrill | M\u00e1quinas de Corte de Chaves Automotivas","og_description":"Inclus\u00e3o e Diversidade foram assuntos que ganharam repercuss\u00e3o mundial nos \u00faltimos anos. Mas afinal, o que significa Diversidade? \u201cSubstantivo feminino que caracteriza tudo aquilo que \u00e9 diverso, que tem multiplicidade\u201d Diversidade \u00e9 a pluralidade dos indiv\u00edduos em termos de diferen\u00e7as culturais, de identidade e de experi\u00eancia. No contexto social, a diversidade \u00e9 justamente isso: a [&hellip;]","og_url":"https:\/\/roudrill.com.br\/index.php\/2021\/07\/21\/inclusao-e-diversidade-no-seu-negocio-de-chaveiro\/","og_site_name":"Roudrill | M\u00e1quinas de Corte de Chaves Automotivas","article_publisher":"https:\/\/www.facebook.com\/roudrill\/","article_author":"https:\/\/www.facebook.com\/roudrill","article_published_time":"2021-07-21T10:00:00+00:00","article_modified_time":"2022-11-23T13:01:20+00:00","og_image":[{"url":"https:\/\/roudrill.com.br\/blog\/wp-content\/uploads\/2021\/06\/iStock-1205694653.jpg"}],"author":"admin","twitter_card":"summary_large_image","twitter_misc":{"Escrito por":"admin","Est. tempo de leitura":"3 minutos"},"schema":{"@context":"https:\/\/schema.org","@graph":[{"@type":"Article","@id":"https:\/\/roudrill.com.br\/index.php\/2021\/07\/21\/inclusao-e-diversidade-no-seu-negocio-de-chaveiro\/#article","isPartOf":{"@id":"https:\/\/roudrill.com.br\/index.php\/2021\/07\/21\/inclusao-e-diversidade-no-seu-negocio-de-chaveiro\/"},"author":{"name":"admin","@id":"https:\/\/roudrill.com.br\/#\/schema\/person\/75efe1588ef4a47ad4f9d1a363256e74"},"headline":"Inclus\u00e3o e diversidade no seu neg\u00f3cio de Chaveiro","datePublished":"2021-07-21T10:00:00+00:00","dateModified":"2022-11-23T13:01:20+00:00","mainEntityOfPage":{"@id":"https:\/\/roudrill.com.br\/index.php\/2021\/07\/21\/inclusao-e-diversidade-no-seu-negocio-de-chaveiro\/"},"wordCount":700,"publisher":{"@id":"https:\/\/roudrill.com.br\/#organization"},"inLanguage":"pt-BR"},{"@type":"WebPage","@id":"https:\/\/roudrill.com.br\/index.php\/2021\/07\/21\/inclusao-e-diversidade-no-seu-negocio-de-chaveiro\/","url":"https:\/\/roudrill.com.br\/index.php\/2021\/07\/21\/inclusao-e-diversidade-no-seu-negocio-de-chaveiro\/","name":"Inclus\u00e3o e diversidade no seu neg\u00f3cio de Chaveiro - Roudrill | M\u00e1quinas de Corte de Chaves Automotivas","isPartOf":{"@id":"https:\/\/roudrill.com.br\/#website"},"datePublished":"2021-07-21T10:00:00+00:00","dateModified":"2022-11-23T13:01:20+00:00","breadcrumb":{"@id":"https:\/\/roudrill.com.br\/index.php\/2021\/07\/21\/inclusao-e-diversidade-no-seu-negocio-de-chaveiro\/#breadcrumb"},"inLanguage":"pt-BR","potentialAction":[{"@type":"ReadAction","target":["https:\/\/roudrill.com.br\/index.php\/2021\/07\/21\/inclusao-e-diversidade-no-seu-negocio-de-chaveiro\/"]}]},{"@type":"BreadcrumbList","@id":"https:\/\/roudrill.com.br\/index.php\/2021\/07\/21\/inclusao-e-diversidade-no-seu-negocio-de-chaveiro\/#breadcrumb","itemListElement":[{"@type":"ListItem","position":1,"name":"In\u00edcio","item":"https:\/\/roudrill.com.br\/"},{"@type":"ListItem","position":2,"name":"Inclus\u00e3o e diversidade no seu neg\u00f3cio de Chaveiro"}]},{"@type":"WebSite","@id":"https:\/\/roudrill.com.br\/#website","url":"https:\/\/roudrill.com.br\/","name":"Roudrill M\u00e1quinas de Corte de Chaves Automotivas","description":"M\u00e1quinas de Corte de Chaves Automotivas","publisher":{"@id":"https:\/\/roudrill.com.br\/#organization"},"potentialAction":[{"@type":"SearchAction","target":{"@type":"EntryPoint","urlTemplate":"https:\/\/roudrill.com.br\/?s={search_term_string}"},"query-input":"required name=search_term_string"}],"inLanguage":"pt-BR"},{"@type":"Organization","@id":"https:\/\/roudrill.com.br\/#organization","name":"Roudrill M\u00e1quinas de Corte de Chaves Automotivas","url":"https:\/\/roudrill.com.br\/","logo":{"@type":"ImageObject","inLanguage":"pt-BR","@id":"https:\/\/roudrill.com.br\/#\/schema\/logo\/image\/","url":"https:\/\/roudrill.com.br\/wp-content\/uploads\/2023\/02\/logo_roudrill_final.png","contentUrl":"https:\/\/roudrill.com.br\/wp-content\/uploads\/2023\/02\/logo_roudrill_final.png","width":200,"height":81,"caption":"Roudrill M\u00e1quinas de Corte de Chaves Automotivas"},"image":{"@id":"https:\/\/roudrill.com.br\/#\/schema\/logo\/image\/"},"sameAs":["https:\/\/www.facebook.com\/roudrill\/","https:\/\/www.instagram.com\/roudrill\/","https:\/\/www.youtube.com\/@roudrill4788\/","https:\/\/www.linkedin.com\/company\/roudrill-maquinas-e-automacao-industrial\/"]},{"@type":"Person","@id":"https:\/\/roudrill.com.br\/#\/schema\/person\/75efe1588ef4a47ad4f9d1a363256e74","name":"admin","image":{"@type":"ImageObject","inLanguage":"pt-BR","@id":"https:\/\/roudrill.com.br\/#\/schema\/person\/image\/","url":"https:\/\/secure.gravatar.com\/avatar\/d2f0db890c65fc4ccc5bc5781ba37bd44d76c925dc5f3ec3843afb14501dc216?s=96&d=mm&r=g","contentUrl":"https:\/\/secure.gravatar.com\/avatar\/d2f0db890c65fc4ccc5bc5781ba37bd44d76c925dc5f3ec3843afb14501dc216?s=96&d=mm&r=g","caption":"admin"},"sameAs":["https:\/\/roudrill.com.br","https:\/\/www.facebook.com\/roudrill","https:\/\/www.instagram.com\/roudrill\/"],"url":"https:\/\/roudrill.com.br\/index.php\/author\/admin\/"}]}},"jetpack_featured_media_url":"","jetpack_sharing_enabled":true,"_links":{"self":[{"href":"https:\/\/roudrill.com.br\/index.php\/wp-json\/wp\/v2\/posts\/541","targetHints":{"allow":["GET"]}}],"collection":[{"href":"https:\/\/roudrill.com.br\/index.php\/wp-json\/wp\/v2\/posts"}],"about":[{"href":"https:\/\/roudrill.com.br\/index.php\/wp-json\/wp\/v2\/types\/post"}],"author":[{"embeddable":true,"href":"https:\/\/roudrill.com.br\/index.php\/wp-json\/wp\/v2\/users\/1"}],"replies":[{"embeddable":true,"href":"https:\/\/roudrill.com.br\/index.php\/wp-json\/wp\/v2\/comments?post=541"}],"version-history":[{"count":3,"href":"https:\/\/roudrill.com.br\/index.php\/wp-json\/wp\/v2\/posts\/541\/revisions"}],"predecessor-version":[{"id":552,"href":"https:\/\/roudrill.com.br\/index.php\/wp-json\/wp\/v2\/posts\/541\/revisions\/552"}],"wp:attachment":[{"href":"https:\/\/roudrill.com.br\/index.php\/wp-json\/wp\/v2\/media?parent=541"}],"wp:term":[{"taxonomy":"category","embeddable":true,"href":"https:\/\/roudrill.com.br\/index.php\/wp-json\/wp\/v2\/categories?post=541"},{"taxonomy":"post_tag","embeddable":true,"href":"https:\/\/roudrill.com.br\/index.php\/wp-json\/wp\/v2\/tags?post=541"}],"curies":[{"name":"wp","href":"https:\/\/api.w.org\/{rel}","templated":true}]}}