{"id":640,"date":"2021-11-29T07:00:00","date_gmt":"2021-11-29T10:00:00","guid":{"rendered":"https:\/\/roudrill.com.br\/blog\/?p=640"},"modified":"2022-11-23T10:01:19","modified_gmt":"2022-11-23T13:01:19","slug":"voce-tem-perfil-de-empreendedor","status":"publish","type":"post","link":"https:\/\/roudrill.com.br\/index.php\/2021\/11\/29\/voce-tem-perfil-de-empreendedor\/","title":{"rendered":"Voc\u00ea tem perfil de empreendedor?"},"content":{"rendered":"<p>Voc\u00ea tem perfil de empreendedor? J\u00e1 fez essa pergunta? Sabemos que empreendedor e ter seu pr\u00f3prio neg\u00f3cio \u00e9 o sonho de muitos brasileiros, mas ser\u00e1 que s\u00f3 isso \u00e9 o suficiente para tocar uma empresa? Isso tem que nascer com a pessoa e estar em seu DNA ou \u00e9 algo que pode ser aprendido? Essas e muitas outras d\u00favidas a Roudrill vai responder no artigo de hoje no blog, vamos l\u00e1?<\/p><p><strong><em>\u201cSer empreendedor significa ser um realizador, que produz novas ideias atrav\u00e9s da congru\u00eancia entre criatividade e imagina\u00e7\u00e3o.\u201d<\/em><\/strong><\/p><p>Segundo artigo do <a href=\"https:\/\/www.sebrae.com.br\/sites\/PortalSebrae\/bis\/o-que-e-ser-empreendedor,ad17080a3e107410VgnVCM1000003b74010aRCRD\">Sebrae<\/a>, em uma vis\u00e3o mais simplista, podemos entender como empreendedor aquele que inicia algo novo, que v\u00ea o que ningu\u00e9m v\u00ea, enfim, aquele que realiza antes, aquele que sai da \u00e1rea do sonho, do desejo e parte para a a\u00e7\u00e3o.<\/p><p>O empreendedor, em geral, \u00e9 motivado pela autorrealiza\u00e7\u00e3o e pelo desejo de assumir responsabilidades e ser independente. E o que leva as pessoas a tomarem essa decis\u00e3o?<\/p><ol class=\"wp-block-list\" type=\"1\"><li>Imagina\u00e7\u00e3o<\/li><li>Determina\u00e7\u00e3o<\/li><li>Auto avalia\u00e7\u00e3o<\/li><li>Habilidade de Organizar<\/li><li>Habilidade de Liderar Pessoas<\/li><li>Habilidade de Conhecer Tecnicamente Etapas e Processos<\/li><\/ol><p><strong>Quais s\u00e3o os tipos de empreendedores?<\/strong><\/p><p><strong>Empreendedor Criativo<\/strong><\/p><p>Aquele cheio de ideias, com uma vis\u00e3o singular do mundo, que reconhece com facilidade oportunidades criativas de novos neg\u00f3cios.<\/p><p><strong>Empreendedor Administrador<\/strong><\/p><p>Tem grande capacidade de vislumbrar a viabilidade e a escalabilidade de uma ideia criativa. \u00c9 mais organizado e familiarizado com os processos de gest\u00e3o.<\/p><p><strong>Empreendedor Realizador<\/strong><\/p><p>Coloca as coisas para funcionar. S\u00e3o as pessoas de a\u00e7\u00e3o, que n\u00e3o se mant\u00eam paradas e est\u00e3o sempre prontas para colocar a m\u00e3o na massa.<\/p><p><strong>Empreendedor Integrador<\/strong><\/p><p>Respons\u00e1vel pela uni\u00e3o do grupo, tem grande poder de lideran\u00e7a e facilidade para inspirar os outros.<\/p><p><strong>Empreendedor Promotor<\/strong><\/p><p>O vendedor da equipe. Tem grande capacidade de persuas\u00e3o e facilidade com as rela\u00e7\u00f5es sociais, o que o torna \u00f3timo negociante com fornecedores e clientes.<\/p><p>Voc\u00ea tem perfil de empreendedor? Alguma dessas op\u00e7\u00f5es acima te descreve?<\/p><figure class=\"wp-block-image size-full\"><img decoding=\"async\" src=\"https:\/\/roudrill.com.br\/blog\/wp-content\/uploads\/2021\/10\/O-empreendedor-precisa-estar-antenado-as-oportunidades.jpg\" alt=\"\" class=\"wp-image-641\"\/><\/figure><p><\/p><p>O empreendedor \u00e9 aquele que est\u00e1 sempre antenado \u00e0s oportunidades de cria\u00e7\u00e3o e amplia\u00e7\u00e3o do seu neg\u00f3cio. Ele tem vis\u00e3o para enxergar os problemas e buscar solu\u00e7\u00f5es criativas e inovadoras que agreguem valor ao seu neg\u00f3cio e ofere\u00e7a o que o cliente precisa. E ter essas ideias n\u00e3o quer dizer que ele n\u00e3o saiba calcular quais s\u00e3o os riscos. O importante \u00e9 que ele aprenda a se planejar para sempre entender qual ser\u00e1 o plano b, caso o plano a n\u00e3o d\u00ea certo e ele n\u00e3o arque com tantos preju\u00edzos.<\/p><p>Mas ainda assim um empreendedor nunca tem medo de errar, porque ele entende que errar faz parte do seu momento de aprendizado, como uma faculdade. Hoje muitos empres\u00e1rios s\u00e3o reconhecidos no mercado porque tentaram algo inovador sem saber ao certo se isso daria ou n\u00e3o certo. A chamada \u201ccultura do erro\u201d \u00e9 extremamente importante pois as melhores ideias foram testadas para serem o que s\u00e3o hoje.<\/p><p>E mesmo que nada d\u00ea certo, o que n\u00e3o falta \u00e9 disposi\u00e7\u00e3o para ele seguir em frente e come\u00e7ar tudo de novo. Empreendedores sempre encontram formas de se reinventar j\u00e1 que acreditam que nada que \u00e9 feito com criatividade e inova\u00e7\u00e3o \u00e9 um projeto para ser desperdi\u00e7ado. E assim ele segue incessante e comprometido entendendo sempre que seu neg\u00f3cio \u00e9 algo s\u00e9rio, e ele se compromete como num relacionamento s\u00e9rio se dedicando muitas horas e colocando a m\u00e3o na massa muitas e muitas vezes.<\/p><p>Mas mesmo com todos esses pontos positivos \u00e9 ideal que empreendedores sempre busquem <a href=\"https:\/\/roudrill.com.br\/blog\/quais-os-melhores-cursos-de-empreendedorismo-para-chaveiros\/\">novos conhecimentos e forma\u00e7\u00f5es acad\u00eamicas<\/a> (mesmo que ele tenha virado um empreendedor sem ter lutado pra isso como uma heran\u00e7a por exemplo, o que \u00e9 chamado de intraempreendedorismo), estabele\u00e7am metas para mensura\u00e7\u00e3o de resultados, tenham uma boa rede de contatos e networking, saiba delegar reconhecendo quais s\u00e3o suas limita\u00e7\u00f5es,<\/p><p>Na verdade, ningu\u00e9m nasce empreendedor. Muitas qualidades podem ser desenvolvidas em ambientes que estimulem a inova\u00e7\u00e3o e a criatividade. O que a pessoa precisa mesmo \u00e9 de muita coragem pra poder vencer todos os desafios que vir\u00e3o pela frente.<\/p><p>E voc\u00ea o que achou? Voc\u00ea tem perfil de empreendedor? Conta pra gente nos coment\u00e1rios e n\u00e3o deixe de compartilhar esse artigo com seus amigos. <a href=\"http:\/\/roudrill.com.br\/\">Roudrill<\/a>. A Chave do Futuro.<\/p>","protected":false},"excerpt":{"rendered":"<p>Voc\u00ea tem perfil de empreendedor? J\u00e1 fez essa pergunta? Sabemos que empreendedor e ter seu pr\u00f3prio neg\u00f3cio \u00e9 o sonho de muitos brasileiros, mas ser\u00e1 que s\u00f3 isso \u00e9 o suficiente para tocar uma empresa? Isso tem que nascer com a pessoa e estar em seu DNA ou \u00e9 algo que pode ser aprendido? Essas [&hellip;]<\/p>\n","protected":false},"author":1,"featured_media":0,"comment_status":"closed","ping_status":"open","sticky":false,"template":"","format":"standard","meta":{"_jetpack_memberships_contains_paid_content":false,"footnotes":""},"categories":[1],"tags":[],"class_list":["post-640","post","type-post","status-publish","format-standard","hentry","category-sem-categoria"],"yoast_head":"<!-- This site is optimized with the Yoast SEO plugin v20.3 - https:\/\/yoast.com\/wordpress\/plugins\/seo\/ -->\n<title>Voc\u00ea tem perfil de empreendedor? - Roudrill | M\u00e1quinas de Corte de Chaves Automotivas<\/title>\n<meta name=\"robots\" content=\"index, follow, max-snippet:-1, max-image-preview:large, max-video-preview:-1\" \/>\n<link rel=\"canonical\" href=\"https:\/\/roudrill.com.br\/index.php\/2021\/11\/29\/voce-tem-perfil-de-empreendedor\/\" \/>\n<meta property=\"og:locale\" content=\"pt_BR\" \/>\n<meta property=\"og:type\" content=\"article\" \/>\n<meta property=\"og:title\" content=\"Voc\u00ea tem perfil de empreendedor? - Roudrill | M\u00e1quinas de Corte de Chaves Automotivas\" \/>\n<meta property=\"og:description\" content=\"Voc\u00ea tem perfil de empreendedor? J\u00e1 fez essa pergunta? Sabemos que empreendedor e ter seu pr\u00f3prio neg\u00f3cio \u00e9 o sonho de muitos brasileiros, mas ser\u00e1 que s\u00f3 isso \u00e9 o suficiente para tocar uma empresa? Isso tem que nascer com a pessoa e estar em seu DNA ou \u00e9 algo que pode ser aprendido? Essas [&hellip;]\" \/>\n<meta property=\"og:url\" content=\"https:\/\/roudrill.com.br\/index.php\/2021\/11\/29\/voce-tem-perfil-de-empreendedor\/\" \/>\n<meta property=\"og:site_name\" content=\"Roudrill | M\u00e1quinas de Corte de Chaves Automotivas\" \/>\n<meta property=\"article:publisher\" content=\"https:\/\/www.facebook.com\/roudrill\/\" \/>\n<meta property=\"article:author\" content=\"https:\/\/www.facebook.com\/roudrill\" \/>\n<meta property=\"article:published_time\" content=\"2021-11-29T10:00:00+00:00\" \/>\n<meta property=\"article:modified_time\" content=\"2022-11-23T13:01:19+00:00\" \/>\n<meta property=\"og:image\" content=\"https:\/\/roudrill.com.br\/blog\/wp-content\/uploads\/2021\/10\/O-empreendedor-precisa-estar-antenado-as-oportunidades.jpg\" \/>\n<meta name=\"author\" content=\"admin\" \/>\n<meta name=\"twitter:card\" content=\"summary_large_image\" \/>\n<meta name=\"twitter:label1\" content=\"Escrito por\" \/>\n\t<meta name=\"twitter:data1\" content=\"admin\" \/>\n\t<meta name=\"twitter:label2\" content=\"Est. tempo de leitura\" \/>\n\t<meta name=\"twitter:data2\" content=\"4 minutos\" \/>\n<script type=\"application\/ld+json\" class=\"yoast-schema-graph\">{\"@context\":\"https:\/\/schema.org\",\"@graph\":[{\"@type\":\"Article\",\"@id\":\"https:\/\/roudrill.com.br\/index.php\/2021\/11\/29\/voce-tem-perfil-de-empreendedor\/#article\",\"isPartOf\":{\"@id\":\"https:\/\/roudrill.com.br\/index.php\/2021\/11\/29\/voce-tem-perfil-de-empreendedor\/\"},\"author\":{\"name\":\"admin\",\"@id\":\"https:\/\/roudrill.com.br\/#\/schema\/person\/75efe1588ef4a47ad4f9d1a363256e74\"},\"headline\":\"Voc\u00ea tem perfil de empreendedor?\",\"datePublished\":\"2021-11-29T10:00:00+00:00\",\"dateModified\":\"2022-11-23T13:01:19+00:00\",\"mainEntityOfPage\":{\"@id\":\"https:\/\/roudrill.com.br\/index.php\/2021\/11\/29\/voce-tem-perfil-de-empreendedor\/\"},\"wordCount\":741,\"publisher\":{\"@id\":\"https:\/\/roudrill.com.br\/#organization\"},\"inLanguage\":\"pt-BR\"},{\"@type\":\"WebPage\",\"@id\":\"https:\/\/roudrill.com.br\/index.php\/2021\/11\/29\/voce-tem-perfil-de-empreendedor\/\",\"url\":\"https:\/\/roudrill.com.br\/index.php\/2021\/11\/29\/voce-tem-perfil-de-empreendedor\/\",\"name\":\"Voc\u00ea tem perfil de empreendedor? - Roudrill | M\u00e1quinas de Corte de Chaves Automotivas\",\"isPartOf\":{\"@id\":\"https:\/\/roudrill.com.br\/#website\"},\"datePublished\":\"2021-11-29T10:00:00+00:00\",\"dateModified\":\"2022-11-23T13:01:19+00:00\",\"breadcrumb\":{\"@id\":\"https:\/\/roudrill.com.br\/index.php\/2021\/11\/29\/voce-tem-perfil-de-empreendedor\/#breadcrumb\"},\"inLanguage\":\"pt-BR\",\"potentialAction\":[{\"@type\":\"ReadAction\",\"target\":[\"https:\/\/roudrill.com.br\/index.php\/2021\/11\/29\/voce-tem-perfil-de-empreendedor\/\"]}]},{\"@type\":\"BreadcrumbList\",\"@id\":\"https:\/\/roudrill.com.br\/index.php\/2021\/11\/29\/voce-tem-perfil-de-empreendedor\/#breadcrumb\",\"itemListElement\":[{\"@type\":\"ListItem\",\"position\":1,\"name\":\"In\u00edcio\",\"item\":\"https:\/\/roudrill.com.br\/\"},{\"@type\":\"ListItem\",\"position\":2,\"name\":\"Voc\u00ea tem perfil de empreendedor?\"}]},{\"@type\":\"WebSite\",\"@id\":\"https:\/\/roudrill.com.br\/#website\",\"url\":\"https:\/\/roudrill.com.br\/\",\"name\":\"Roudrill M\u00e1quinas de Corte de Chaves Automotivas\",\"description\":\"M\u00e1quinas de Corte de Chaves Automotivas\",\"publisher\":{\"@id\":\"https:\/\/roudrill.com.br\/#organization\"},\"potentialAction\":[{\"@type\":\"SearchAction\",\"target\":{\"@type\":\"EntryPoint\",\"urlTemplate\":\"https:\/\/roudrill.com.br\/?s={search_term_string}\"},\"query-input\":\"required name=search_term_string\"}],\"inLanguage\":\"pt-BR\"},{\"@type\":\"Organization\",\"@id\":\"https:\/\/roudrill.com.br\/#organization\",\"name\":\"Roudrill M\u00e1quinas de Corte de Chaves Automotivas\",\"url\":\"https:\/\/roudrill.com.br\/\",\"logo\":{\"@type\":\"ImageObject\",\"inLanguage\":\"pt-BR\",\"@id\":\"https:\/\/roudrill.com.br\/#\/schema\/logo\/image\/\",\"url\":\"https:\/\/roudrill.com.br\/wp-content\/uploads\/2023\/02\/logo_roudrill_final.png\",\"contentUrl\":\"https:\/\/roudrill.com.br\/wp-content\/uploads\/2023\/02\/logo_roudrill_final.png\",\"width\":200,\"height\":81,\"caption\":\"Roudrill M\u00e1quinas de Corte de Chaves Automotivas\"},\"image\":{\"@id\":\"https:\/\/roudrill.com.br\/#\/schema\/logo\/image\/\"},\"sameAs\":[\"https:\/\/www.facebook.com\/roudrill\/\",\"https:\/\/www.instagram.com\/roudrill\/\",\"https:\/\/www.youtube.com\/@roudrill4788\/\",\"https:\/\/www.linkedin.com\/company\/roudrill-maquinas-e-automacao-industrial\/\"]},{\"@type\":\"Person\",\"@id\":\"https:\/\/roudrill.com.br\/#\/schema\/person\/75efe1588ef4a47ad4f9d1a363256e74\",\"name\":\"admin\",\"image\":{\"@type\":\"ImageObject\",\"inLanguage\":\"pt-BR\",\"@id\":\"https:\/\/roudrill.com.br\/#\/schema\/person\/image\/\",\"url\":\"https:\/\/secure.gravatar.com\/avatar\/d2f0db890c65fc4ccc5bc5781ba37bd44d76c925dc5f3ec3843afb14501dc216?s=96&d=mm&r=g\",\"contentUrl\":\"https:\/\/secure.gravatar.com\/avatar\/d2f0db890c65fc4ccc5bc5781ba37bd44d76c925dc5f3ec3843afb14501dc216?s=96&d=mm&r=g\",\"caption\":\"admin\"},\"sameAs\":[\"https:\/\/roudrill.com.br\",\"https:\/\/www.facebook.com\/roudrill\",\"https:\/\/www.instagram.com\/roudrill\/\"],\"url\":\"https:\/\/roudrill.com.br\/index.php\/author\/admin\/\"}]}<\/script>\n<!-- \/ Yoast SEO plugin. -->","yoast_head_json":{"title":"Voc\u00ea tem perfil de empreendedor? - Roudrill | M\u00e1quinas de Corte de Chaves Automotivas","robots":{"index":"index","follow":"follow","max-snippet":"max-snippet:-1","max-image-preview":"max-image-preview:large","max-video-preview":"max-video-preview:-1"},"canonical":"https:\/\/roudrill.com.br\/index.php\/2021\/11\/29\/voce-tem-perfil-de-empreendedor\/","og_locale":"pt_BR","og_type":"article","og_title":"Voc\u00ea tem perfil de empreendedor? - Roudrill | M\u00e1quinas de Corte de Chaves Automotivas","og_description":"Voc\u00ea tem perfil de empreendedor? J\u00e1 fez essa pergunta? Sabemos que empreendedor e ter seu pr\u00f3prio neg\u00f3cio \u00e9 o sonho de muitos brasileiros, mas ser\u00e1 que s\u00f3 isso \u00e9 o suficiente para tocar uma empresa? Isso tem que nascer com a pessoa e estar em seu DNA ou \u00e9 algo que pode ser aprendido? Essas [&hellip;]","og_url":"https:\/\/roudrill.com.br\/index.php\/2021\/11\/29\/voce-tem-perfil-de-empreendedor\/","og_site_name":"Roudrill | M\u00e1quinas de Corte de Chaves Automotivas","article_publisher":"https:\/\/www.facebook.com\/roudrill\/","article_author":"https:\/\/www.facebook.com\/roudrill","article_published_time":"2021-11-29T10:00:00+00:00","article_modified_time":"2022-11-23T13:01:19+00:00","og_image":[{"url":"https:\/\/roudrill.com.br\/blog\/wp-content\/uploads\/2021\/10\/O-empreendedor-precisa-estar-antenado-as-oportunidades.jpg"}],"author":"admin","twitter_card":"summary_large_image","twitter_misc":{"Escrito por":"admin","Est. tempo de leitura":"4 minutos"},"schema":{"@context":"https:\/\/schema.org","@graph":[{"@type":"Article","@id":"https:\/\/roudrill.com.br\/index.php\/2021\/11\/29\/voce-tem-perfil-de-empreendedor\/#article","isPartOf":{"@id":"https:\/\/roudrill.com.br\/index.php\/2021\/11\/29\/voce-tem-perfil-de-empreendedor\/"},"author":{"name":"admin","@id":"https:\/\/roudrill.com.br\/#\/schema\/person\/75efe1588ef4a47ad4f9d1a363256e74"},"headline":"Voc\u00ea tem perfil de empreendedor?","datePublished":"2021-11-29T10:00:00+00:00","dateModified":"2022-11-23T13:01:19+00:00","mainEntityOfPage":{"@id":"https:\/\/roudrill.com.br\/index.php\/2021\/11\/29\/voce-tem-perfil-de-empreendedor\/"},"wordCount":741,"publisher":{"@id":"https:\/\/roudrill.com.br\/#organization"},"inLanguage":"pt-BR"},{"@type":"WebPage","@id":"https:\/\/roudrill.com.br\/index.php\/2021\/11\/29\/voce-tem-perfil-de-empreendedor\/","url":"https:\/\/roudrill.com.br\/index.php\/2021\/11\/29\/voce-tem-perfil-de-empreendedor\/","name":"Voc\u00ea tem perfil de empreendedor? - Roudrill | M\u00e1quinas de Corte de Chaves Automotivas","isPartOf":{"@id":"https:\/\/roudrill.com.br\/#website"},"datePublished":"2021-11-29T10:00:00+00:00","dateModified":"2022-11-23T13:01:19+00:00","breadcrumb":{"@id":"https:\/\/roudrill.com.br\/index.php\/2021\/11\/29\/voce-tem-perfil-de-empreendedor\/#breadcrumb"},"inLanguage":"pt-BR","potentialAction":[{"@type":"ReadAction","target":["https:\/\/roudrill.com.br\/index.php\/2021\/11\/29\/voce-tem-perfil-de-empreendedor\/"]}]},{"@type":"BreadcrumbList","@id":"https:\/\/roudrill.com.br\/index.php\/2021\/11\/29\/voce-tem-perfil-de-empreendedor\/#breadcrumb","itemListElement":[{"@type":"ListItem","position":1,"name":"In\u00edcio","item":"https:\/\/roudrill.com.br\/"},{"@type":"ListItem","position":2,"name":"Voc\u00ea tem perfil de empreendedor?"}]},{"@type":"WebSite","@id":"https:\/\/roudrill.com.br\/#website","url":"https:\/\/roudrill.com.br\/","name":"Roudrill M\u00e1quinas de Corte de Chaves Automotivas","description":"M\u00e1quinas de Corte de Chaves Automotivas","publisher":{"@id":"https:\/\/roudrill.com.br\/#organization"},"potentialAction":[{"@type":"SearchAction","target":{"@type":"EntryPoint","urlTemplate":"https:\/\/roudrill.com.br\/?s={search_term_string}"},"query-input":"required name=search_term_string"}],"inLanguage":"pt-BR"},{"@type":"Organization","@id":"https:\/\/roudrill.com.br\/#organization","name":"Roudrill M\u00e1quinas de Corte de Chaves Automotivas","url":"https:\/\/roudrill.com.br\/","logo":{"@type":"ImageObject","inLanguage":"pt-BR","@id":"https:\/\/roudrill.com.br\/#\/schema\/logo\/image\/","url":"https:\/\/roudrill.com.br\/wp-content\/uploads\/2023\/02\/logo_roudrill_final.png","contentUrl":"https:\/\/roudrill.com.br\/wp-content\/uploads\/2023\/02\/logo_roudrill_final.png","width":200,"height":81,"caption":"Roudrill M\u00e1quinas de Corte de Chaves Automotivas"},"image":{"@id":"https:\/\/roudrill.com.br\/#\/schema\/logo\/image\/"},"sameAs":["https:\/\/www.facebook.com\/roudrill\/","https:\/\/www.instagram.com\/roudrill\/","https:\/\/www.youtube.com\/@roudrill4788\/","https:\/\/www.linkedin.com\/company\/roudrill-maquinas-e-automacao-industrial\/"]},{"@type":"Person","@id":"https:\/\/roudrill.com.br\/#\/schema\/person\/75efe1588ef4a47ad4f9d1a363256e74","name":"admin","image":{"@type":"ImageObject","inLanguage":"pt-BR","@id":"https:\/\/roudrill.com.br\/#\/schema\/person\/image\/","url":"https:\/\/secure.gravatar.com\/avatar\/d2f0db890c65fc4ccc5bc5781ba37bd44d76c925dc5f3ec3843afb14501dc216?s=96&d=mm&r=g","contentUrl":"https:\/\/secure.gravatar.com\/avatar\/d2f0db890c65fc4ccc5bc5781ba37bd44d76c925dc5f3ec3843afb14501dc216?s=96&d=mm&r=g","caption":"admin"},"sameAs":["https:\/\/roudrill.com.br","https:\/\/www.facebook.com\/roudrill","https:\/\/www.instagram.com\/roudrill\/"],"url":"https:\/\/roudrill.com.br\/index.php\/author\/admin\/"}]}},"jetpack_featured_media_url":"","jetpack_sharing_enabled":true,"_links":{"self":[{"href":"https:\/\/roudrill.com.br\/index.php\/wp-json\/wp\/v2\/posts\/640","targetHints":{"allow":["GET"]}}],"collection":[{"href":"https:\/\/roudrill.com.br\/index.php\/wp-json\/wp\/v2\/posts"}],"about":[{"href":"https:\/\/roudrill.com.br\/index.php\/wp-json\/wp\/v2\/types\/post"}],"author":[{"embeddable":true,"href":"https:\/\/roudrill.com.br\/index.php\/wp-json\/wp\/v2\/users\/1"}],"replies":[{"embeddable":true,"href":"https:\/\/roudrill.com.br\/index.php\/wp-json\/wp\/v2\/comments?post=640"}],"version-history":[{"count":1,"href":"https:\/\/roudrill.com.br\/index.php\/wp-json\/wp\/v2\/posts\/640\/revisions"}],"predecessor-version":[{"id":643,"href":"https:\/\/roudrill.com.br\/index.php\/wp-json\/wp\/v2\/posts\/640\/revisions\/643"}],"wp:attachment":[{"href":"https:\/\/roudrill.com.br\/index.php\/wp-json\/wp\/v2\/media?parent=640"}],"wp:term":[{"taxonomy":"category","embeddable":true,"href":"https:\/\/roudrill.com.br\/index.php\/wp-json\/wp\/v2\/categories?post=640"},{"taxonomy":"post_tag","embeddable":true,"href":"https:\/\/roudrill.com.br\/index.php\/wp-json\/wp\/v2\/tags?post=640"}],"curies":[{"name":"wp","href":"https:\/\/api.w.org\/{rel}","templated":true}]}}