{"id":669,"date":"2022-03-23T07:00:00","date_gmt":"2022-03-23T10:00:00","guid":{"rendered":"https:\/\/roudrill.com.br\/blog\/?p=669"},"modified":"2022-11-23T09:59:35","modified_gmt":"2022-11-23T12:59:35","slug":"dicas-para-montar-a-escala-de-folga-dos-funcionarios","status":"publish","type":"post","link":"https:\/\/roudrill.com.br\/index.php\/2022\/03\/23\/dicas-para-montar-a-escala-de-folga-dos-funcionarios\/","title":{"rendered":"Dicas para montar a escala de folga dos funcion\u00e1rios"},"content":{"rendered":"<p>Dentre as responsabilidades que um empreendedor ou gestor tem no dia a dia da empresa est\u00e1 a escala de folgas dos funcion\u00e1rios. Essa \u00e9 uma atividade muito importante para cumprir a legisla\u00e7\u00e3o trabalhista e tamb\u00e9m uma ferramenta de engajamento, afinal, o descanso dos colaboradores \u00e9 um recurso fundamental para o bem-estar deles.<\/p><h2 class=\"wp-block-heading\"><strong>Entendendo os modelos de folga<\/strong><\/h2><p>Antes de montar um esquema de folga para os colaboradores, \u00e9 preciso entender como funciona ou pode funcionar os dias de descanso do trabalhadores, de acordo com a legisla\u00e7\u00e3o.<\/p><p>O modelo de jornada de trabalho que as empresa podem usar s\u00e3o:<\/p><p><strong>5&#215;1: <\/strong>os funcion\u00e1rios trabalham por cinco dias seguidos e folgam no dia seguinte;<\/p><p><strong>5&#215;2: <\/strong>os funcion\u00e1rios trabalham cinco dias seguidos e possuem dois de folga \u2013 normalmente, o s\u00e1bado e o domingo;<\/p><p><strong>6&#215;1:&nbsp; <\/strong>a cada seis dias trabalhados, um dia de descanso, n\u00e3o necessariamente nos fins de semana;<\/p><p><strong>12:36: &nbsp;<\/strong>o funcion\u00e1rio trabalha por 12 horas e possui 36 horas de descanso, essa l\u00f3gica \u00e9 bastante usada em plant\u00f5es.<\/p><p>Dito isso, vamos listar a seguir, 4 dicas importantes para montar a escala de folga dos funcion\u00e1rios de maneira assertiva e estrat\u00e9gica. Continue a leitura a seguir!<\/p><h2 class=\"wp-block-heading\"><strong>Conhe\u00e7a a equipe<\/strong><\/h2><p>Para fazer uma <a href=\"https:\/\/roudrill.com.br\/blog\/gesta%cc%83o-de-pessoas-como-diminuir-a-rotatividade\/\">gest\u00e3o de pessoas<\/a> eficiente \u00e9 preciso conhecer muito bem a equipe que trabalha na empresa. Qual desses colaboradores s\u00e3o pais e m\u00e3es de fam\u00edlia? Quem faz faculdade? Algu\u00e9m tem dois empregos? Essas informa\u00e7\u00f5es s\u00e3o importantes para pensar de forma mais estrat\u00e9gica na folga dos profissionais.<\/p><p>Al\u00e9m disso, dessa forma, substitui\u00e7\u00f5es ou mudan\u00e7as no calend\u00e1rio de folgas diminuem bastante, pois as necessidades de cada pessoa est\u00e3o sendo levadas em considera\u00e7\u00e3o.<\/p><h2 class=\"wp-block-heading\"><strong>Veja o calend\u00e1rio do m\u00eas<\/strong><\/h2><p>Antes de montar o cronograma de trabalho dos colaboradores \u00e9 preciso se atentar ao calend\u00e1rio do m\u00eas. Sabemos que em dia de <a href=\"https:\/\/roudrill.com.br\/blog\/devo-abrir-meu-chaveiro-no-feriado\/\">feriado<\/a> ou at\u00e9 mesmo em v\u00e9speras esse revezamento costuma ser diferente, afinal, muitos colaboradores tiram folga, algumas empresas terminam o expediente mais cedo e outras nem abrem.<\/p><p>Ent\u00e3o observe quem trabalhou no \u00faltimo feriado ou final de semana, para poder fazer a troca de forma justa, afinal, todos querem aproveitar dias como esses para descansar.<\/p><h2 class=\"wp-block-heading\"><strong>Converse com os trabalhadores<\/strong><\/h2><p>\u00c9 muito importante tamb\u00e9m ter um canal aberto para comunica\u00e7\u00e3o com os colaboradores e entender quais s\u00e3o suas principais dificuldades e necessidades. Esteja atento aos pedidos de folga da equipe, afinal, eles possuem compromissos fora do trabalho as vezes a escala precisa de alguma adapta\u00e7\u00e3o.<\/p><p>Tamb\u00e9m \u00e9 importante orient\u00e1-los para que avisem com anteced\u00eancia quando precisam de folga em um dia especifico, isso ajuda a deixar a escala muito mais organizada. Claro que imprevistos acontecem e algu\u00e9m pode dizer em cima da hora que n\u00e3o consegue trabalhar no domingo, por exemplo. Mas ter uma rela\u00e7\u00e3o mais pr\u00f3xima com a equipe, evita e diminui essas ocorr\u00eancias.<\/p><h2 class=\"wp-block-heading\"><strong>Cuidado com a sobrecarga<\/strong><\/h2><p>A escala de folgas precisa ser seguida \u00e0 risca para n\u00e3o causar sobrecarga nos profissionais, portanto, todos devem folgar de acordo com a jornada de trabalho que a empresa segue.<\/p><p>Al\u00e9m disso, fa\u00e7a o poss\u00edvel para que os colaboradores saibam com anteced\u00eancia o dia que ir\u00e3o folgar, para que eles possam se organizar, afinal, eles dependem dessa escala para fazer outros planos.<\/p><p>Gostou das dicas? Fa\u00e7a a escala de folga dos seus colaboradores seguindo essas orienta\u00e7\u00f5es e tenha maior efetividade na hora de montar o calend\u00e1rio de trabalho dos funcion\u00e1rios.<\/p><p>Roudrill. A Chave do Futuro.<\/p>","protected":false},"excerpt":{"rendered":"<p>Dentre as responsabilidades que um empreendedor ou gestor tem no dia a dia da empresa est\u00e1 a escala de folgas dos funcion\u00e1rios. Essa \u00e9 uma atividade muito importante para cumprir a legisla\u00e7\u00e3o trabalhista e tamb\u00e9m uma ferramenta de engajamento, afinal, o descanso dos colaboradores \u00e9 um recurso fundamental para o bem-estar deles. Entendendo os modelos [&hellip;]<\/p>\n","protected":false},"author":1,"featured_media":0,"comment_status":"closed","ping_status":"open","sticky":false,"template":"","format":"standard","meta":{"_jetpack_memberships_contains_paid_content":false,"footnotes":""},"categories":[1],"tags":[],"class_list":["post-669","post","type-post","status-publish","format-standard","hentry","category-sem-categoria"],"yoast_head":"<!-- This site is optimized with the Yoast SEO plugin v20.3 - https:\/\/yoast.com\/wordpress\/plugins\/seo\/ -->\n<title>Dicas para montar a escala de folga dos funcion\u00e1rios - Roudrill | M\u00e1quinas de Corte de Chaves Automotivas<\/title>\n<meta name=\"robots\" content=\"index, follow, max-snippet:-1, max-image-preview:large, max-video-preview:-1\" \/>\n<link rel=\"canonical\" href=\"https:\/\/roudrill.com.br\/index.php\/2022\/03\/23\/dicas-para-montar-a-escala-de-folga-dos-funcionarios\/\" \/>\n<meta property=\"og:locale\" content=\"pt_BR\" \/>\n<meta property=\"og:type\" content=\"article\" \/>\n<meta property=\"og:title\" content=\"Dicas para montar a escala de folga dos funcion\u00e1rios - Roudrill | M\u00e1quinas de Corte de Chaves Automotivas\" \/>\n<meta property=\"og:description\" content=\"Dentre as responsabilidades que um empreendedor ou gestor tem no dia a dia da empresa est\u00e1 a escala de folgas dos funcion\u00e1rios. Essa \u00e9 uma atividade muito importante para cumprir a legisla\u00e7\u00e3o trabalhista e tamb\u00e9m uma ferramenta de engajamento, afinal, o descanso dos colaboradores \u00e9 um recurso fundamental para o bem-estar deles. Entendendo os modelos [&hellip;]\" \/>\n<meta property=\"og:url\" content=\"https:\/\/roudrill.com.br\/index.php\/2022\/03\/23\/dicas-para-montar-a-escala-de-folga-dos-funcionarios\/\" \/>\n<meta property=\"og:site_name\" content=\"Roudrill | M\u00e1quinas de Corte de Chaves Automotivas\" \/>\n<meta property=\"article:publisher\" content=\"https:\/\/www.facebook.com\/roudrill\/\" \/>\n<meta property=\"article:author\" content=\"https:\/\/www.facebook.com\/roudrill\" \/>\n<meta property=\"article:published_time\" content=\"2022-03-23T10:00:00+00:00\" \/>\n<meta property=\"article:modified_time\" content=\"2022-11-23T12:59:35+00:00\" \/>\n<meta name=\"author\" content=\"admin\" \/>\n<meta name=\"twitter:card\" content=\"summary_large_image\" \/>\n<meta name=\"twitter:label1\" content=\"Escrito por\" \/>\n\t<meta name=\"twitter:data1\" content=\"admin\" \/>\n\t<meta name=\"twitter:label2\" content=\"Est. tempo de leitura\" \/>\n\t<meta name=\"twitter:data2\" content=\"3 minutos\" \/>\n<script type=\"application\/ld+json\" class=\"yoast-schema-graph\">{\"@context\":\"https:\/\/schema.org\",\"@graph\":[{\"@type\":\"Article\",\"@id\":\"https:\/\/roudrill.com.br\/index.php\/2022\/03\/23\/dicas-para-montar-a-escala-de-folga-dos-funcionarios\/#article\",\"isPartOf\":{\"@id\":\"https:\/\/roudrill.com.br\/index.php\/2022\/03\/23\/dicas-para-montar-a-escala-de-folga-dos-funcionarios\/\"},\"author\":{\"name\":\"admin\",\"@id\":\"https:\/\/roudrill.com.br\/#\/schema\/person\/75efe1588ef4a47ad4f9d1a363256e74\"},\"headline\":\"Dicas para montar a escala de folga dos funcion\u00e1rios\",\"datePublished\":\"2022-03-23T10:00:00+00:00\",\"dateModified\":\"2022-11-23T12:59:35+00:00\",\"mainEntityOfPage\":{\"@id\":\"https:\/\/roudrill.com.br\/index.php\/2022\/03\/23\/dicas-para-montar-a-escala-de-folga-dos-funcionarios\/\"},\"wordCount\":613,\"publisher\":{\"@id\":\"https:\/\/roudrill.com.br\/#organization\"},\"inLanguage\":\"pt-BR\"},{\"@type\":\"WebPage\",\"@id\":\"https:\/\/roudrill.com.br\/index.php\/2022\/03\/23\/dicas-para-montar-a-escala-de-folga-dos-funcionarios\/\",\"url\":\"https:\/\/roudrill.com.br\/index.php\/2022\/03\/23\/dicas-para-montar-a-escala-de-folga-dos-funcionarios\/\",\"name\":\"Dicas para montar a escala de folga dos funcion\u00e1rios - Roudrill | M\u00e1quinas de Corte de Chaves Automotivas\",\"isPartOf\":{\"@id\":\"https:\/\/roudrill.com.br\/#website\"},\"datePublished\":\"2022-03-23T10:00:00+00:00\",\"dateModified\":\"2022-11-23T12:59:35+00:00\",\"breadcrumb\":{\"@id\":\"https:\/\/roudrill.com.br\/index.php\/2022\/03\/23\/dicas-para-montar-a-escala-de-folga-dos-funcionarios\/#breadcrumb\"},\"inLanguage\":\"pt-BR\",\"potentialAction\":[{\"@type\":\"ReadAction\",\"target\":[\"https:\/\/roudrill.com.br\/index.php\/2022\/03\/23\/dicas-para-montar-a-escala-de-folga-dos-funcionarios\/\"]}]},{\"@type\":\"BreadcrumbList\",\"@id\":\"https:\/\/roudrill.com.br\/index.php\/2022\/03\/23\/dicas-para-montar-a-escala-de-folga-dos-funcionarios\/#breadcrumb\",\"itemListElement\":[{\"@type\":\"ListItem\",\"position\":1,\"name\":\"In\u00edcio\",\"item\":\"https:\/\/roudrill.com.br\/\"},{\"@type\":\"ListItem\",\"position\":2,\"name\":\"Dicas para montar a escala de folga dos funcion\u00e1rios\"}]},{\"@type\":\"WebSite\",\"@id\":\"https:\/\/roudrill.com.br\/#website\",\"url\":\"https:\/\/roudrill.com.br\/\",\"name\":\"Roudrill M\u00e1quinas de Corte de Chaves Automotivas\",\"description\":\"M\u00e1quinas de Corte de Chaves Automotivas\",\"publisher\":{\"@id\":\"https:\/\/roudrill.com.br\/#organization\"},\"potentialAction\":[{\"@type\":\"SearchAction\",\"target\":{\"@type\":\"EntryPoint\",\"urlTemplate\":\"https:\/\/roudrill.com.br\/?s={search_term_string}\"},\"query-input\":\"required name=search_term_string\"}],\"inLanguage\":\"pt-BR\"},{\"@type\":\"Organization\",\"@id\":\"https:\/\/roudrill.com.br\/#organization\",\"name\":\"Roudrill M\u00e1quinas de Corte de Chaves Automotivas\",\"url\":\"https:\/\/roudrill.com.br\/\",\"logo\":{\"@type\":\"ImageObject\",\"inLanguage\":\"pt-BR\",\"@id\":\"https:\/\/roudrill.com.br\/#\/schema\/logo\/image\/\",\"url\":\"https:\/\/roudrill.com.br\/wp-content\/uploads\/2023\/02\/logo_roudrill_final.png\",\"contentUrl\":\"https:\/\/roudrill.com.br\/wp-content\/uploads\/2023\/02\/logo_roudrill_final.png\",\"width\":200,\"height\":81,\"caption\":\"Roudrill M\u00e1quinas de Corte de Chaves Automotivas\"},\"image\":{\"@id\":\"https:\/\/roudrill.com.br\/#\/schema\/logo\/image\/\"},\"sameAs\":[\"https:\/\/www.facebook.com\/roudrill\/\",\"https:\/\/www.instagram.com\/roudrill\/\",\"https:\/\/www.youtube.com\/@roudrill4788\/\",\"https:\/\/www.linkedin.com\/company\/roudrill-maquinas-e-automacao-industrial\/\"]},{\"@type\":\"Person\",\"@id\":\"https:\/\/roudrill.com.br\/#\/schema\/person\/75efe1588ef4a47ad4f9d1a363256e74\",\"name\":\"admin\",\"image\":{\"@type\":\"ImageObject\",\"inLanguage\":\"pt-BR\",\"@id\":\"https:\/\/roudrill.com.br\/#\/schema\/person\/image\/\",\"url\":\"https:\/\/secure.gravatar.com\/avatar\/d2f0db890c65fc4ccc5bc5781ba37bd44d76c925dc5f3ec3843afb14501dc216?s=96&d=mm&r=g\",\"contentUrl\":\"https:\/\/secure.gravatar.com\/avatar\/d2f0db890c65fc4ccc5bc5781ba37bd44d76c925dc5f3ec3843afb14501dc216?s=96&d=mm&r=g\",\"caption\":\"admin\"},\"sameAs\":[\"https:\/\/roudrill.com.br\",\"https:\/\/www.facebook.com\/roudrill\",\"https:\/\/www.instagram.com\/roudrill\/\"],\"url\":\"https:\/\/roudrill.com.br\/index.php\/author\/admin\/\"}]}<\/script>\n<!-- \/ Yoast SEO plugin. -->","yoast_head_json":{"title":"Dicas para montar a escala de folga dos funcion\u00e1rios - Roudrill | M\u00e1quinas de Corte de Chaves Automotivas","robots":{"index":"index","follow":"follow","max-snippet":"max-snippet:-1","max-image-preview":"max-image-preview:large","max-video-preview":"max-video-preview:-1"},"canonical":"https:\/\/roudrill.com.br\/index.php\/2022\/03\/23\/dicas-para-montar-a-escala-de-folga-dos-funcionarios\/","og_locale":"pt_BR","og_type":"article","og_title":"Dicas para montar a escala de folga dos funcion\u00e1rios - Roudrill | M\u00e1quinas de Corte de Chaves Automotivas","og_description":"Dentre as responsabilidades que um empreendedor ou gestor tem no dia a dia da empresa est\u00e1 a escala de folgas dos funcion\u00e1rios. Essa \u00e9 uma atividade muito importante para cumprir a legisla\u00e7\u00e3o trabalhista e tamb\u00e9m uma ferramenta de engajamento, afinal, o descanso dos colaboradores \u00e9 um recurso fundamental para o bem-estar deles. Entendendo os modelos [&hellip;]","og_url":"https:\/\/roudrill.com.br\/index.php\/2022\/03\/23\/dicas-para-montar-a-escala-de-folga-dos-funcionarios\/","og_site_name":"Roudrill | M\u00e1quinas de Corte de Chaves Automotivas","article_publisher":"https:\/\/www.facebook.com\/roudrill\/","article_author":"https:\/\/www.facebook.com\/roudrill","article_published_time":"2022-03-23T10:00:00+00:00","article_modified_time":"2022-11-23T12:59:35+00:00","author":"admin","twitter_card":"summary_large_image","twitter_misc":{"Escrito por":"admin","Est. tempo de leitura":"3 minutos"},"schema":{"@context":"https:\/\/schema.org","@graph":[{"@type":"Article","@id":"https:\/\/roudrill.com.br\/index.php\/2022\/03\/23\/dicas-para-montar-a-escala-de-folga-dos-funcionarios\/#article","isPartOf":{"@id":"https:\/\/roudrill.com.br\/index.php\/2022\/03\/23\/dicas-para-montar-a-escala-de-folga-dos-funcionarios\/"},"author":{"name":"admin","@id":"https:\/\/roudrill.com.br\/#\/schema\/person\/75efe1588ef4a47ad4f9d1a363256e74"},"headline":"Dicas para montar a escala de folga dos funcion\u00e1rios","datePublished":"2022-03-23T10:00:00+00:00","dateModified":"2022-11-23T12:59:35+00:00","mainEntityOfPage":{"@id":"https:\/\/roudrill.com.br\/index.php\/2022\/03\/23\/dicas-para-montar-a-escala-de-folga-dos-funcionarios\/"},"wordCount":613,"publisher":{"@id":"https:\/\/roudrill.com.br\/#organization"},"inLanguage":"pt-BR"},{"@type":"WebPage","@id":"https:\/\/roudrill.com.br\/index.php\/2022\/03\/23\/dicas-para-montar-a-escala-de-folga-dos-funcionarios\/","url":"https:\/\/roudrill.com.br\/index.php\/2022\/03\/23\/dicas-para-montar-a-escala-de-folga-dos-funcionarios\/","name":"Dicas para montar a escala de folga dos funcion\u00e1rios - Roudrill | M\u00e1quinas de Corte de Chaves Automotivas","isPartOf":{"@id":"https:\/\/roudrill.com.br\/#website"},"datePublished":"2022-03-23T10:00:00+00:00","dateModified":"2022-11-23T12:59:35+00:00","breadcrumb":{"@id":"https:\/\/roudrill.com.br\/index.php\/2022\/03\/23\/dicas-para-montar-a-escala-de-folga-dos-funcionarios\/#breadcrumb"},"inLanguage":"pt-BR","potentialAction":[{"@type":"ReadAction","target":["https:\/\/roudrill.com.br\/index.php\/2022\/03\/23\/dicas-para-montar-a-escala-de-folga-dos-funcionarios\/"]}]},{"@type":"BreadcrumbList","@id":"https:\/\/roudrill.com.br\/index.php\/2022\/03\/23\/dicas-para-montar-a-escala-de-folga-dos-funcionarios\/#breadcrumb","itemListElement":[{"@type":"ListItem","position":1,"name":"In\u00edcio","item":"https:\/\/roudrill.com.br\/"},{"@type":"ListItem","position":2,"name":"Dicas para montar a escala de folga dos funcion\u00e1rios"}]},{"@type":"WebSite","@id":"https:\/\/roudrill.com.br\/#website","url":"https:\/\/roudrill.com.br\/","name":"Roudrill M\u00e1quinas de Corte de Chaves Automotivas","description":"M\u00e1quinas de Corte de Chaves Automotivas","publisher":{"@id":"https:\/\/roudrill.com.br\/#organization"},"potentialAction":[{"@type":"SearchAction","target":{"@type":"EntryPoint","urlTemplate":"https:\/\/roudrill.com.br\/?s={search_term_string}"},"query-input":"required name=search_term_string"}],"inLanguage":"pt-BR"},{"@type":"Organization","@id":"https:\/\/roudrill.com.br\/#organization","name":"Roudrill M\u00e1quinas de Corte de Chaves Automotivas","url":"https:\/\/roudrill.com.br\/","logo":{"@type":"ImageObject","inLanguage":"pt-BR","@id":"https:\/\/roudrill.com.br\/#\/schema\/logo\/image\/","url":"https:\/\/roudrill.com.br\/wp-content\/uploads\/2023\/02\/logo_roudrill_final.png","contentUrl":"https:\/\/roudrill.com.br\/wp-content\/uploads\/2023\/02\/logo_roudrill_final.png","width":200,"height":81,"caption":"Roudrill M\u00e1quinas de Corte de Chaves Automotivas"},"image":{"@id":"https:\/\/roudrill.com.br\/#\/schema\/logo\/image\/"},"sameAs":["https:\/\/www.facebook.com\/roudrill\/","https:\/\/www.instagram.com\/roudrill\/","https:\/\/www.youtube.com\/@roudrill4788\/","https:\/\/www.linkedin.com\/company\/roudrill-maquinas-e-automacao-industrial\/"]},{"@type":"Person","@id":"https:\/\/roudrill.com.br\/#\/schema\/person\/75efe1588ef4a47ad4f9d1a363256e74","name":"admin","image":{"@type":"ImageObject","inLanguage":"pt-BR","@id":"https:\/\/roudrill.com.br\/#\/schema\/person\/image\/","url":"https:\/\/secure.gravatar.com\/avatar\/d2f0db890c65fc4ccc5bc5781ba37bd44d76c925dc5f3ec3843afb14501dc216?s=96&d=mm&r=g","contentUrl":"https:\/\/secure.gravatar.com\/avatar\/d2f0db890c65fc4ccc5bc5781ba37bd44d76c925dc5f3ec3843afb14501dc216?s=96&d=mm&r=g","caption":"admin"},"sameAs":["https:\/\/roudrill.com.br","https:\/\/www.facebook.com\/roudrill","https:\/\/www.instagram.com\/roudrill\/"],"url":"https:\/\/roudrill.com.br\/index.php\/author\/admin\/"}]}},"jetpack_featured_media_url":"","jetpack_sharing_enabled":true,"_links":{"self":[{"href":"https:\/\/roudrill.com.br\/index.php\/wp-json\/wp\/v2\/posts\/669","targetHints":{"allow":["GET"]}}],"collection":[{"href":"https:\/\/roudrill.com.br\/index.php\/wp-json\/wp\/v2\/posts"}],"about":[{"href":"https:\/\/roudrill.com.br\/index.php\/wp-json\/wp\/v2\/types\/post"}],"author":[{"embeddable":true,"href":"https:\/\/roudrill.com.br\/index.php\/wp-json\/wp\/v2\/users\/1"}],"replies":[{"embeddable":true,"href":"https:\/\/roudrill.com.br\/index.php\/wp-json\/wp\/v2\/comments?post=669"}],"version-history":[{"count":1,"href":"https:\/\/roudrill.com.br\/index.php\/wp-json\/wp\/v2\/posts\/669\/revisions"}],"predecessor-version":[{"id":670,"href":"https:\/\/roudrill.com.br\/index.php\/wp-json\/wp\/v2\/posts\/669\/revisions\/670"}],"wp:attachment":[{"href":"https:\/\/roudrill.com.br\/index.php\/wp-json\/wp\/v2\/media?parent=669"}],"wp:term":[{"taxonomy":"category","embeddable":true,"href":"https:\/\/roudrill.com.br\/index.php\/wp-json\/wp\/v2\/categories?post=669"},{"taxonomy":"post_tag","embeddable":true,"href":"https:\/\/roudrill.com.br\/index.php\/wp-json\/wp\/v2\/tags?post=669"}],"curies":[{"name":"wp","href":"https:\/\/api.w.org\/{rel}","templated":true}]}}